{"id":5947,"date":"2025-11-14T10:09:47","date_gmt":"2025-11-14T09:09:47","guid":{"rendered":"http:\/\/cuno-berufskolleg.de\/?p=5947"},"modified":"2025-11-14T11:12:29","modified_gmt":"2025-11-14T10:12:29","slug":"it-oberstufenschueler-bei-der-berlin-freedom-week-im-bnd-besucherzentrum","status":"publish","type":"post","link":"https:\/\/cuno-berufskolleg.de\/en\/it-oberstufenschueler-bei-der-berlin-freedom-week-im-bnd-besucherzentrum\/","title":{"rendered":"IT-Oberstufensch\u00fcler bei der Berlin Freedom Week im BND-Besucherzentrum"},"content":{"rendered":"<p>Auf pers\u00f6nliche Einladung des Bundesnachrichtendienstes besuchten Sch\u00fcler unserer IT-Oberstufe am 10.11.2025 die Berlin Freedom Week im BND-Besucherzentrum. Die Veranstaltungsreihe bringt Berliner \u00d6ffentlichkeit und G\u00e4ste aus ganz Deutschland zusammen, um Gedanken und Werte zu Freiheit und Demokratie zu teilen.<\/p>\n\n\n\n<p>Unter dem Leitmotiv \u201eFreiheit. Sicherheit. Dialog.\u201c bot das Programm fachlich starke Impulse \u2013 u. a. durch Ahmad Mansour (\u201eFreiheit und Integration\u201c) und Rainer Eppelmann (Zeitzeugenbericht \u201eAls die Angst die Seiten wechselte. Gedanken zur Freiheit in Verantwortung.\u201c). Unsere Auszubildenden brachten sich sichtbar ein: mit pr\u00e4zisen Nachfragen, pointierten Beitr\u00e4gen und reflektierten Positionen zu Sicherheit, digitaler Bedrohungslage und gesellschaftlicher Verantwortung.<\/p>\n\n\n\n<p>Gerade f\u00fcr Fachinformatiker\/-innen ist der Br\u00fcckenschlag offensichtlich: Cybersicherheit, Schutz kritischer Infrastrukturen, Informationssouver\u00e4nit\u00e4t und digitale Resilienz sind demokratische Querschnittsaufgaben \u2013 und Teil beruflicher wie b\u00fcrgerschaftlicher Kompetenz.<\/p>\n\n\n\n<p>\u201eMir wurde sehr klar, wie sehr IT-Sicherheit und Freiheit zusammenh\u00e4ngen \u2013 ohne sichere Netze gibt es keine verl\u00e4ssliche \u00d6ffentlichkeit\u201c, fasste ein Auszubildender zusammen.<\/p>\n\n\n\n<p>Vielen Dank an das Team des BND-Besucherzentrums f\u00fcr den Dialog auf Augenh\u00f6he und die Einblicke in aktuelle Fragestellungen von Freiheit, Sicherheit und Verantwortung.<\/p>\n\n\n\n<p>Mehr Informationen finden Sie <a href=\"https:\/\/www.aufarbeitung-berlin.de\/veranstaltungen\/berlin-freedom-week?uutm_source\" target=\"_blank\" rel=\"noreferrer noopener\">HIER<\/a>.<\/p>\n\n\n\n<figure class=\"wp-block-gallery has-nested-images columns-default is-cropped wp-block-gallery-1 is-layout-flex wp-block-gallery-is-layout-flex\">\n<figure data-wp-context=\"{&quot;imageId&quot;:&quot;69f34fa019d67&quot;}\" data-wp-interactive=\"core\/image\" data-wp-key=\"69f34fa019d67\" class=\"wp-block-image size-large wp-lightbox-container\"><img fetchpriority=\"high\" decoding=\"async\" width=\"1024\" height=\"683\" data-wp-class--hide=\"state.isContentHidden\" data-wp-class--show=\"state.isContentVisible\" data-wp-init=\"callbacks.setButtonStyles\" data-wp-on--click=\"actions.showLightbox\" data-wp-on--load=\"callbacks.setButtonStyles\" data-wp-on-window--resize=\"callbacks.setButtonStyles\" data-id=\"5949\" src=\"http:\/\/cuno-berufskolleg.de\/wp-content\/uploads\/2025\/11\/251110_ZBND_PHT003-1024x683.jpg\" alt=\"\" class=\"wp-image-5949\" srcset=\"https:\/\/cuno-berufskolleg.de\/wp-content\/uploads\/2025\/11\/251110_ZBND_PHT003-1024x683.jpg 1024w, https:\/\/cuno-berufskolleg.de\/wp-content\/uploads\/2025\/11\/251110_ZBND_PHT003-300x200.jpg 300w, https:\/\/cuno-berufskolleg.de\/wp-content\/uploads\/2025\/11\/251110_ZBND_PHT003-768x512.jpg 768w, https:\/\/cuno-berufskolleg.de\/wp-content\/uploads\/2025\/11\/251110_ZBND_PHT003-1536x1024.jpg 1536w, https:\/\/cuno-berufskolleg.de\/wp-content\/uploads\/2025\/11\/251110_ZBND_PHT003-2048x1365.jpg 2048w, https:\/\/cuno-berufskolleg.de\/wp-content\/uploads\/2025\/11\/251110_ZBND_PHT003-18x12.jpg 18w\" sizes=\"(max-width: 1024px) 100vw, 1024px\" \/><button\n\t\t\tclass=\"lightbox-trigger\"\n\t\t\ttype=\"button\"\n\t\t\taria-haspopup=\"dialog\"\n\t\t\taria-label=\"Enlarge\"\n\t\t\tdata-wp-init=\"callbacks.initTriggerButton\"\n\t\t\tdata-wp-on--click=\"actions.showLightbox\"\n\t\t\tdata-wp-style--right=\"state.imageButtonRight\"\n\t\t\tdata-wp-style--top=\"state.imageButtonTop\"\n\t\t>\n\t\t\t<svg xmlns=\"http:\/\/www.w3.org\/2000\/svg\" width=\"12\" height=\"12\" fill=\"none\" viewbox=\"0 0 12 12\">\n\t\t\t\t<path fill=\"#fff\" d=\"M2 0a2 2 0 0 0-2 2v2h1.5V2a.5.5 0 0 1 .5-.5h2V0H2Zm2 10.5H2a.5.5 0 0 1-.5-.5V8H0v2a2 2 0 0 0 2 2h2v-1.5ZM8 12v-1.5h2a.5.5 0 0 0 .5-.5V8H12v2a2 2 0 0 1-2 2H8Zm2-12a2 2 0 0 1 2 2v2h-1.5V2a.5.5 0 0 0-.5-.5H8V0h2Z\" \/>\n\t\t\t<\/svg>\n\t\t<\/button><\/figure>\n\n\n\n<figure data-wp-context=\"{&quot;imageId&quot;:&quot;69f34fa01a081&quot;}\" data-wp-interactive=\"core\/image\" data-wp-key=\"69f34fa01a081\" class=\"wp-block-image size-large wp-lightbox-container\"><img decoding=\"async\" width=\"1024\" height=\"683\" data-wp-class--hide=\"state.isContentHidden\" data-wp-class--show=\"state.isContentVisible\" data-wp-init=\"callbacks.setButtonStyles\" data-wp-on--click=\"actions.showLightbox\" data-wp-on--load=\"callbacks.setButtonStyles\" data-wp-on-window--resize=\"callbacks.setButtonStyles\" data-id=\"5948\" src=\"http:\/\/cuno-berufskolleg.de\/wp-content\/uploads\/2025\/11\/251110_ZBND_PHT210-1024x683.jpg\" alt=\"\" class=\"wp-image-5948\" srcset=\"https:\/\/cuno-berufskolleg.de\/wp-content\/uploads\/2025\/11\/251110_ZBND_PHT210-1024x683.jpg 1024w, https:\/\/cuno-berufskolleg.de\/wp-content\/uploads\/2025\/11\/251110_ZBND_PHT210-300x200.jpg 300w, https:\/\/cuno-berufskolleg.de\/wp-content\/uploads\/2025\/11\/251110_ZBND_PHT210-768x512.jpg 768w, https:\/\/cuno-berufskolleg.de\/wp-content\/uploads\/2025\/11\/251110_ZBND_PHT210-1536x1024.jpg 1536w, https:\/\/cuno-berufskolleg.de\/wp-content\/uploads\/2025\/11\/251110_ZBND_PHT210-2048x1366.jpg 2048w, https:\/\/cuno-berufskolleg.de\/wp-content\/uploads\/2025\/11\/251110_ZBND_PHT210-18x12.jpg 18w\" sizes=\"(max-width: 1024px) 100vw, 1024px\" \/><button\n\t\t\tclass=\"lightbox-trigger\"\n\t\t\ttype=\"button\"\n\t\t\taria-haspopup=\"dialog\"\n\t\t\taria-label=\"Enlarge\"\n\t\t\tdata-wp-init=\"callbacks.initTriggerButton\"\n\t\t\tdata-wp-on--click=\"actions.showLightbox\"\n\t\t\tdata-wp-style--right=\"state.imageButtonRight\"\n\t\t\tdata-wp-style--top=\"state.imageButtonTop\"\n\t\t>\n\t\t\t<svg xmlns=\"http:\/\/www.w3.org\/2000\/svg\" width=\"12\" height=\"12\" fill=\"none\" viewbox=\"0 0 12 12\">\n\t\t\t\t<path fill=\"#fff\" d=\"M2 0a2 2 0 0 0-2 2v2h1.5V2a.5.5 0 0 1 .5-.5h2V0H2Zm2 10.5H2a.5.5 0 0 1-.5-.5V8H0v2a2 2 0 0 0 2 2h2v-1.5ZM8 12v-1.5h2a.5.5 0 0 0 .5-.5V8H12v2a2 2 0 0 1-2 2H8Zm2-12a2 2 0 0 1 2 2v2h-1.5V2a.5.5 0 0 0-.5-.5H8V0h2Z\" \/>\n\t\t\t<\/svg>\n\t\t<\/button><figcaption class=\"wp-element-caption\">Fotos: Pressestelle des BND<\/figcaption><\/figure>\n\n\n\n<figure data-wp-context=\"{&quot;imageId&quot;:&quot;69f34fa01a34c&quot;}\" data-wp-interactive=\"core\/image\" data-wp-key=\"69f34fa01a34c\" class=\"wp-block-image size-large wp-lightbox-container\"><img decoding=\"async\" width=\"1024\" height=\"683\" data-wp-class--hide=\"state.isContentHidden\" data-wp-class--show=\"state.isContentVisible\" data-wp-init=\"callbacks.setButtonStyles\" data-wp-on--click=\"actions.showLightbox\" data-wp-on--load=\"callbacks.setButtonStyles\" data-wp-on-window--resize=\"callbacks.setButtonStyles\" data-id=\"5950\" src=\"http:\/\/cuno-berufskolleg.de\/wp-content\/uploads\/2025\/11\/251110_ZBND_PHT229-1024x683.jpg\" alt=\"\" class=\"wp-image-5950\" srcset=\"https:\/\/cuno-berufskolleg.de\/wp-content\/uploads\/2025\/11\/251110_ZBND_PHT229-1024x683.jpg 1024w, https:\/\/cuno-berufskolleg.de\/wp-content\/uploads\/2025\/11\/251110_ZBND_PHT229-300x200.jpg 300w, https:\/\/cuno-berufskolleg.de\/wp-content\/uploads\/2025\/11\/251110_ZBND_PHT229-768x512.jpg 768w, https:\/\/cuno-berufskolleg.de\/wp-content\/uploads\/2025\/11\/251110_ZBND_PHT229-1536x1024.jpg 1536w, https:\/\/cuno-berufskolleg.de\/wp-content\/uploads\/2025\/11\/251110_ZBND_PHT229-2048x1365.jpg 2048w, https:\/\/cuno-berufskolleg.de\/wp-content\/uploads\/2025\/11\/251110_ZBND_PHT229-18x12.jpg 18w\" sizes=\"(max-width: 1024px) 100vw, 1024px\" \/><button\n\t\t\tclass=\"lightbox-trigger\"\n\t\t\ttype=\"button\"\n\t\t\taria-haspopup=\"dialog\"\n\t\t\taria-label=\"Enlarge\"\n\t\t\tdata-wp-init=\"callbacks.initTriggerButton\"\n\t\t\tdata-wp-on--click=\"actions.showLightbox\"\n\t\t\tdata-wp-style--right=\"state.imageButtonRight\"\n\t\t\tdata-wp-style--top=\"state.imageButtonTop\"\n\t\t>\n\t\t\t<svg xmlns=\"http:\/\/www.w3.org\/2000\/svg\" width=\"12\" height=\"12\" fill=\"none\" viewbox=\"0 0 12 12\">\n\t\t\t\t<path fill=\"#fff\" d=\"M2 0a2 2 0 0 0-2 2v2h1.5V2a.5.5 0 0 1 .5-.5h2V0H2Zm2 10.5H2a.5.5 0 0 1-.5-.5V8H0v2a2 2 0 0 0 2 2h2v-1.5ZM8 12v-1.5h2a.5.5 0 0 0 .5-.5V8H12v2a2 2 0 0 1-2 2H8Zm2-12a2 2 0 0 1 2 2v2h-1.5V2a.5.5 0 0 0-.5-.5H8V0h2Z\" \/>\n\t\t\t<\/svg>\n\t\t<\/button><\/figure>\n<\/figure>","protected":false},"excerpt":{"rendered":"<p>Auf pers\u00f6nliche Einladung des Bundesnachrichtendienstes besuchten Sch\u00fcler unserer IT-Oberstufe am 10.11.2025 die Berlin Freedom Week im BND-Besucherzentrum. Die Veranstaltungsreihe bringt Berliner \u00d6ffentlichkeit und G\u00e4ste aus ganz Deutschland zusammen, um Gedanken und Werte zu Freiheit und Demokratie zu teilen. Unter dem Leitmotiv \u201eFreiheit. Sicherheit. Dialog.\u201c bot das Programm fachlich starke Impulse \u2013 u. a. durch Ahmad [&hellip;]<\/p>\n","protected":false},"author":16,"featured_media":5949,"comment_status":"closed","ping_status":"","sticky":false,"template":"","format":"standard","meta":{"footnotes":""},"categories":[5],"tags":[],"class_list":["post-5947","post","type-post","status-publish","format-standard","has-post-thumbnail","hentry","category-aktuelles"],"publishpress_future_action":{"enabled":false,"date":"2026-05-07 14:48:32","action":"change-status","newStatus":"draft","terms":[],"taxonomy":"category","extraData":[]},"publishpress_future_workflow_manual_trigger":{"enabledWorkflows":[]},"_links":{"self":[{"href":"https:\/\/cuno-berufskolleg.de\/en\/wp-json\/wp\/v2\/posts\/5947","targetHints":{"allow":["GET"]}}],"collection":[{"href":"https:\/\/cuno-berufskolleg.de\/en\/wp-json\/wp\/v2\/posts"}],"about":[{"href":"https:\/\/cuno-berufskolleg.de\/en\/wp-json\/wp\/v2\/types\/post"}],"author":[{"embeddable":true,"href":"https:\/\/cuno-berufskolleg.de\/en\/wp-json\/wp\/v2\/users\/16"}],"replies":[{"embeddable":true,"href":"https:\/\/cuno-berufskolleg.de\/en\/wp-json\/wp\/v2\/comments?post=5947"}],"version-history":[{"count":3,"href":"https:\/\/cuno-berufskolleg.de\/en\/wp-json\/wp\/v2\/posts\/5947\/revisions"}],"predecessor-version":[{"id":5953,"href":"https:\/\/cuno-berufskolleg.de\/en\/wp-json\/wp\/v2\/posts\/5947\/revisions\/5953"}],"wp:featuredmedia":[{"embeddable":true,"href":"https:\/\/cuno-berufskolleg.de\/en\/wp-json\/wp\/v2\/media\/5949"}],"wp:attachment":[{"href":"https:\/\/cuno-berufskolleg.de\/en\/wp-json\/wp\/v2\/media?parent=5947"}],"wp:term":[{"taxonomy":"category","embeddable":true,"href":"https:\/\/cuno-berufskolleg.de\/en\/wp-json\/wp\/v2\/categories?post=5947"},{"taxonomy":"post_tag","embeddable":true,"href":"https:\/\/cuno-berufskolleg.de\/en\/wp-json\/wp\/v2\/tags?post=5947"}],"curies":[{"name":"wp","href":"https:\/\/api.w.org\/{rel}","templated":true}]}}