{"id":5301,"date":"2026-03-18T08:53:24","date_gmt":"2026-03-18T07:53:24","guid":{"rendered":"http:\/\/cuno-berufskolleg.de\/?p=5301"},"modified":"2026-04-08T10:32:28","modified_gmt":"2026-04-08T08:32:28","slug":"schulanmeldungen-zweiter-zeitraum","status":"publish","type":"post","link":"http:\/\/cuno-berufskolleg.de\/en\/schulanmeldungen-zweiter-zeitraum\/","title":{"rendered":"Schulanmeldungen zweiter Zeitraum"},"content":{"rendered":"<div data-elementor-type=\"wp-post\" data-elementor-id=\"5301\" class=\"elementor elementor-5301\" data-elementor-post-type=\"post\">\n\t\t\t\t<div class=\"elementor-element elementor-element-381cf0cb e-flex e-con-boxed e-con e-parent\" data-id=\"381cf0cb\" data-element_type=\"container\" data-e-type=\"container\">\n\t\t\t\t\t<div class=\"e-con-inner\">\n\t\t\t\t<div class=\"elementor-element elementor-element-769c49e elementor-widget elementor-widget-text-editor\" data-id=\"769c49e\" data-element_type=\"widget\" data-e-type=\"widget\" data-widget_type=\"text-editor.default\">\n\t\t\t\t<div class=\"elementor-widget-container\">\n\t\t\t\t\t\t\t\t\t<h3 style=\"text-align: center;\"><img decoding=\"async\" class=\"size-medium wp-image-3195 aligncenter\" src=\"http:\/\/cuno-berufskolleg.de\/wp-content\/uploads\/2024\/01\/Schueler_online-300x108.jpg\" alt=\"\" width=\"300\" height=\"108\" \/><\/h3><h3>\u00a0<\/h3><h3 style=\"text-align: center;\">Der Zweite Anmeldezeitraum ist vom\u00a0<br \/>20.04. &#8211; 03.05.2026<\/h3><h3 style=\"text-align: center;\">Eine Aufnahme f\u00fcr die Vollzeitschulischen Bildungsg\u00e4nge kann nur in diesen Zeiten erfolgen.<\/h3><h6 style=\"text-align: center;\">Bitte beachten Sie, dass eine Aufnahme in den Bildungsgang nur mit dem Einreichen aller Unterlagen bis zum Ende der jeweiligen Bewerbungsfrist gepr\u00fcft werden kann. Ohne Unterlagen kann eine Ablehnung erfolgen.<\/h6>\t\t\t\t\t\t\t\t<\/div>\n\t\t\t\t<\/div>\n\t\t\t\t<div class=\"elementor-element elementor-element-36cd1086 elementor-widget elementor-widget-text-editor\" data-id=\"36cd1086\" data-element_type=\"widget\" data-e-type=\"widget\" data-widget_type=\"text-editor.default\">\n\t\t\t\t<div class=\"elementor-widget-container\">\n\t\t\t\t\t\t\t\t\t<p>Sehr geehrte Sch\u00fclerinnen, sehr geehrte Sch\u00fcler, sehr geehrte Erziehungsberechtigte,<\/p><p>die Anmeldung f\u00fcr die Bildungsg\u00e4nge der Ausbildungsvorbereitung, der Berufsfachschulen und der H\u00f6heren Berufsfachschule am Cuno-Berufskolleg I erfolgt \u00fcber &#8220;<a href=\"http:\/\/www.schueleranmeldung.de\/\">sch\u00fcler online<\/a>&#8220;.<\/p><p>Hinweise zum Ablauf entnehmen Sie bitte &gt;&gt;<a href=\"https:\/\/cuno-berufskolleg.de\/wp-content\/uploads\/2026\/03\/Die-Anmeldung-in-4-Schritten.pdf\">Hinweise zum Ablauf<\/a>&lt;&lt;.<\/p><p>Zum\u00a0Anmeldeportal gelangen Sie hier: &gt;&gt;<a href=\"http:\/\/www.schueleranmeldung.de\/\">sch\u00fcler online<\/a>&lt;&lt;<\/p><p>Wir\u00a0freuen uns auf Ihren Besuch im Cuno-Berufskolleg I, Viktoriastra\u00dfe 2, 58095\u00a0Hagen.<br \/>gez. T.\u00a0Luig (Schulleiter)<\/p>\t\t\t\t\t\t\t\t<\/div>\n\t\t\t\t<\/div>\n\t\t\t\t\t<\/div>\n\t\t\t\t<\/div>\n\t\t<div class=\"elementor-element elementor-element-8f66590 e-flex e-con-boxed e-con e-parent\" data-id=\"8f66590\" data-element_type=\"container\" data-e-type=\"container\">\n\t\t\t\t\t<div class=\"e-con-inner\">\n\t\t\t\t<div class=\"elementor-element elementor-element-23f45c8 elementor-widget elementor-widget-text-editor\" data-id=\"23f45c8\" data-element_type=\"widget\" data-e-type=\"widget\" data-widget_type=\"text-editor.default\">\n\t\t\t\t<div class=\"elementor-widget-container\">\n\t\t\t\t\t\t\t\t\t<p>F\u00fcr die dualen Bildungsg\u00e4nge (Ausbildung) k\u00f6nnen die Ausbildungsbetriebe unabh\u00e4ngig vom Zeitraum mit einem &#8220;<a href=\"http:\/\/www.schueleranmeldung.de\/\">sch\u00fcler online<\/a>&#8220;-Zugang\u00a0ihre Auszubildenden direkt \u00fcber das Portal bei uns anmelden. Ebenso besteht f\u00fcr\u00a0k\u00fcnftige Auszubildenden die Anmeldem\u00f6glichkeit f\u00fcr einen Schulplatz mit ihrem\u00a0Zugangscode.<\/p>\t\t\t\t\t\t\t\t<\/div>\n\t\t\t\t<\/div>\n\t\t\t\t\t<\/div>\n\t\t\t\t<\/div>\n\t\t\t\t<\/div>","protected":false},"excerpt":{"rendered":"<p>\u00a0 Der Zweite Anmeldezeitraum ist vom\u00a020.04. &#8211; 03.05.2026 Eine Aufnahme f\u00fcr die Vollzeitschulischen Bildungsg\u00e4nge kann nur in diesen Zeiten erfolgen. Bitte beachten Sie, dass eine Aufnahme in den Bildungsgang nur mit dem Einreichen aller Unterlagen bis zum Ende der jeweiligen Bewerbungsfrist gepr\u00fcft werden kann. Ohne Unterlagen kann eine Ablehnung erfolgen. Sehr geehrte Sch\u00fclerinnen, sehr geehrte [&hellip;]<\/p>\n","protected":false},"author":15,"featured_media":3273,"comment_status":"closed","ping_status":"closed","sticky":false,"template":"","format":"standard","meta":{"footnotes":""},"categories":[12],"tags":[16],"class_list":["post-5301","post","type-post","status-publish","format-standard","has-post-thumbnail","hentry","category-termine","tag-schulanmeldung"],"publishpress_future_action":{"enabled":true,"date":"2026-05-04 23:59:00","action":"change-status","newStatus":"draft","terms":[],"taxonomy":"category","extraData":[]},"publishpress_future_workflow_manual_trigger":{"enabledWorkflows":[]},"_links":{"self":[{"href":"http:\/\/cuno-berufskolleg.de\/en\/wp-json\/wp\/v2\/posts\/5301","targetHints":{"allow":["GET"]}}],"collection":[{"href":"http:\/\/cuno-berufskolleg.de\/en\/wp-json\/wp\/v2\/posts"}],"about":[{"href":"http:\/\/cuno-berufskolleg.de\/en\/wp-json\/wp\/v2\/types\/post"}],"author":[{"embeddable":true,"href":"http:\/\/cuno-berufskolleg.de\/en\/wp-json\/wp\/v2\/users\/15"}],"replies":[{"embeddable":true,"href":"http:\/\/cuno-berufskolleg.de\/en\/wp-json\/wp\/v2\/comments?post=5301"}],"version-history":[{"count":5,"href":"http:\/\/cuno-berufskolleg.de\/en\/wp-json\/wp\/v2\/posts\/5301\/revisions"}],"predecessor-version":[{"id":6265,"href":"http:\/\/cuno-berufskolleg.de\/en\/wp-json\/wp\/v2\/posts\/5301\/revisions\/6265"}],"wp:featuredmedia":[{"embeddable":true,"href":"http:\/\/cuno-berufskolleg.de\/en\/wp-json\/wp\/v2\/media\/3273"}],"wp:attachment":[{"href":"http:\/\/cuno-berufskolleg.de\/en\/wp-json\/wp\/v2\/media?parent=5301"}],"wp:term":[{"taxonomy":"category","embeddable":true,"href":"http:\/\/cuno-berufskolleg.de\/en\/wp-json\/wp\/v2\/categories?post=5301"},{"taxonomy":"post_tag","embeddable":true,"href":"http:\/\/cuno-berufskolleg.de\/en\/wp-json\/wp\/v2\/tags?post=5301"}],"curies":[{"name":"wp","href":"https:\/\/api.w.org\/{rel}","templated":true}]}}